{"id":16820,"date":"2017-08-09T13:32:20","date_gmt":"2017-08-09T13:32:20","guid":{"rendered":"https:\/\/spanishprofessionals.es\/?p=16820"},"modified":"2019-07-26T09:52:57","modified_gmt":"2019-07-26T09:52:57","slug":"empleo-de-ingeniero-mecanico-extranjero","status":"publish","type":"post","link":"https:\/\/spanishprofessionals.es\/es\/2017\/08\/empleo-de-ingeniero-mecanico-extranjero\/","title":{"rendered":"Jornadas Internacionales de Reclutamiento de Ingenieros en Alicante &#8211; 21 y 22 de septiembre de 2017"},"content":{"rendered":"<p>\u00a1Tenemos un evento incre\u00edble que se celebrar\u00e1 este 21 y 22 de septiembre en La Nucia, Alicante! \u00a1Tendremos varios empleadores de las principales compa\u00f1\u00edas internacionales que vienen a Espa\u00f1a para asistir a las <a href=\"https:\/\/spanishprofessionals.es\/es\/industrial-engineer-recruitment-days\/\" target=\"_blank\" rel=\"noopener\">Jornadas Internacionales de Ingenieros organizadas por Spanish Professionals<\/a>!<\/p>\n<h4>\u00bfA qui\u00e9n estamos buscando?<\/h4>\n<p>Tenemos muchas oportunidades de trabajo para ingenieros con talento que dominan el idioma ingl\u00e9s y que estar\u00edan dispuestos a mudarse y vivir en los Pa\u00edses Bajos o B\u00e9lgica. Los candidatos deben tener una licenciatura (o superior) en ingenier\u00eda mec\u00e1nica, industrial o el\u00e9ctrica. Estamos buscando ingenieros orientados a los resultados, que est\u00e9n capacitados para gestionar el equilibrio entre trabajar de forma independiente y ser un buen miembro del equipo. Tambi\u00e9n resistentes al estr\u00e9s, con excelentes habilidades de comunicaci\u00f3n. Lo que significa que no tienes miedo de dar tu opini\u00f3n de una manera clara y directa mientras mantienes el profesionalismo.<\/p>\n<h4>Reci\u00e9n graduados<\/h4>\n<p>\u00a1Aqu\u00ed hay una gran noticia! \u00bfTe acabas de graduar? Bueno, incluso si no tiene experiencia laboral (pero tienes una actitud entusiasta), puedes aprovechar esta oportunidad para encontrar el trabajo so\u00f1ado y comenzar tu carrera. \u00a1Los empleadores invertir\u00e1n en tu carrera y tu desarrollo de habilidades!<\/p>\n<h4>Programa de Reubicaci\u00f3n Internacional<\/h4>\n<p>Las empresas que realizan la contrataci\u00f3n est\u00e1n dispuestas a invertir en ti. Genial, \u00bf\u00a1cierto!? Es por eso que tienen un programa de reubicaci\u00f3n internacional. Este programa se ofrece para garantizar que sus ingenieros internacionales cuenten con un respaldo total en el traslado y la integraci\u00f3n en los Pa\u00edses Bajos o B\u00e9lgica. Se les ayudar\u00e1 con cosas importantes, como la b\u00fasqueda de vivienda, la creaci\u00f3n de una cuenta bancaria holandesa o belga, la solicitud del BSN holand\u00e9s o belga I.D. n\u00famero (equivalente al NIE espa\u00f1ol), que solicita un seguro de salud y le brinda la oportunidad de aprender un nuevo idioma a trav\u00e9s de un curso b\u00e1sico de holand\u00e9s.<\/p>\n<h4>C\u00f3mo ser seleccionado para asistir a los <strong>D\u00edas de Reclutamiento de Ingenieros<\/strong><\/h4>\n<p>Primero tienes que registrarte con Spanish Professionals. \u00a1Es f\u00e1cil! Todo lo que tiene que hacer es enviar tu curr\u00edculum en ingl\u00e9s (haz clic en el enlace a continuaci\u00f3n) y quedar\u00e1s registrado autom\u00e1ticamente con nosotros. Despu\u00e9s de que recibamos tu curr\u00edculum, uno de nuestros agentes de contrataci\u00f3n te contactar\u00e1 para evaluar si cumples con los criterios del candidato. Si coincide, te guiaremos en el proceso de selecci\u00f3n.<\/p>\n<p>As\u00ed que no lo dudes. Reg\u00edstrate. \u00a1El evento es en solo 2 d\u00edas y el espacio es limitado! \u00a1Esperamos verte en septiembre!<\/p>\n<h4><a href=\"https:\/\/spanishprofessionals.es\/es\/empleo-de-ingenieria-extranjero\/\">\u00a1ENV\u00cdA TU CURRICULUM EN INGL\u00c9S Y SE SELECCIONADO PARA UNA ENTREVISTA!<\/a><\/h4>\n<p>&nbsp;<\/p>\n","protected":false},"excerpt":{"rendered":"<p>\u00a1Tenemos un evento incre\u00edble que se celebrar\u00e1 este 21 y 22 de septiembre en La Nucia, Alicante! \u00a1Tendremos varios empleadores de las principales compa\u00f1\u00edas internacionales que vienen a Espa\u00f1a para asistir a las Jornadas Internacionales de Ingenieros organizadas por Spanish Professionals! \u00bfA qui\u00e9n estamos buscando? Tenemos muchas oportunidades de trabajo para ingenieros con talento que [&hellip;]<\/p>\n","protected":false},"author":2,"featured_media":16824,"comment_status":"closed","ping_status":"closed","sticky":false,"template":"","format":"standard","meta":[],"categories":[242,239,249,230],"tags":[275,273,263,260,276,262,269],"yoast_head":"<!-- This site is optimized with the Yoast SEO plugin v17.1 - https:\/\/yoast.com\/wordpress\/plugins\/seo\/ -->\n<title>Jornadas de reclutamiento de ingenieros - Spanish Professionals<\/title>\n<meta name=\"description\" content=\"\u00a1Estamos entrevistando y reclutando ingenieros en Alicante! Ser seleccionado para una entrevista directamente con las principales empresas mundiales.\" \/>\n<meta name=\"robots\" content=\"index, follow, max-snippet:-1, max-image-preview:large, max-video-preview:-1\" \/>\n<link rel=\"canonical\" href=\"https:\/\/spanishprofessionals.es\/es\/2017\/08\/empleo-de-ingeniero-mecanico-extranjero\/\" \/>\n<meta property=\"og:locale\" content=\"es_ES\" \/>\n<meta property=\"og:type\" content=\"article\" \/>\n<meta property=\"og:title\" content=\"Jornadas de reclutamiento de ingenieros - Spanish Professionals\" \/>\n<meta property=\"og:description\" content=\"\u00a1Estamos entrevistando y reclutando ingenieros en Alicante! Ser seleccionado para una entrevista directamente con las principales empresas mundiales.\" \/>\n<meta property=\"og:url\" content=\"https:\/\/spanishprofessionals.es\/es\/2017\/08\/empleo-de-ingeniero-mecanico-extranjero\/\" \/>\n<meta property=\"og:site_name\" content=\"Spanish Professionals\" \/>\n<meta property=\"article:published_time\" content=\"2017-08-09T13:32:20+00:00\" \/>\n<meta property=\"article:modified_time\" content=\"2019-07-26T09:52:57+00:00\" \/>\n<meta property=\"og:image\" content=\"https:\/\/spanishprofessionals.es\/wp-content\/uploads\/2017\/08\/sp_blog_event.jpg\" \/>\n\t<meta property=\"og:image:width\" content=\"1140\" \/>\n\t<meta property=\"og:image:height\" content=\"450\" \/>\n<meta name=\"twitter:card\" content=\"summary\" \/>\n<meta name=\"twitter:label1\" content=\"Escrito por\" \/>\n\t<meta name=\"twitter:data1\" content=\"Jasper\" \/>\n\t<meta name=\"twitter:label2\" content=\"Tiempo de lectura\" \/>\n\t<meta name=\"twitter:data2\" content=\"2 minutos\" \/>\n<script type=\"application\/ld+json\" class=\"yoast-schema-graph\">{\"@context\":\"https:\/\/schema.org\",\"@graph\":[{\"@type\":\"WebSite\",\"@id\":\"https:\/\/spanishprofessionals.es\/#website\",\"url\":\"https:\/\/spanishprofessionals.es\/\",\"name\":\"Spanish Professionals\",\"description\":\"\",\"potentialAction\":[{\"@type\":\"SearchAction\",\"target\":{\"@type\":\"EntryPoint\",\"urlTemplate\":\"https:\/\/spanishprofessionals.es\/?s={search_term_string}\"},\"query-input\":\"required name=search_term_string\"}],\"inLanguage\":\"es\"},{\"@type\":\"ImageObject\",\"@id\":\"https:\/\/spanishprofessionals.es\/es\/2017\/08\/empleo-de-ingeniero-mecanico-extranjero\/#primaryimage\",\"inLanguage\":\"es\",\"url\":\"https:\/\/spanishprofessionals.es\/wp-content\/uploads\/2017\/08\/sp_blog_event.jpg\",\"contentUrl\":\"https:\/\/spanishprofessionals.es\/wp-content\/uploads\/2017\/08\/sp_blog_event.jpg\",\"width\":\"1140\",\"height\":\"450\",\"caption\":\"empleo de ingeniero mecanico extranjero\"},{\"@type\":\"WebPage\",\"@id\":\"https:\/\/spanishprofessionals.es\/es\/2017\/08\/empleo-de-ingeniero-mecanico-extranjero\/#webpage\",\"url\":\"https:\/\/spanishprofessionals.es\/es\/2017\/08\/empleo-de-ingeniero-mecanico-extranjero\/\",\"name\":\"Jornadas de reclutamiento de ingenieros - Spanish Professionals\",\"isPartOf\":{\"@id\":\"https:\/\/spanishprofessionals.es\/#website\"},\"primaryImageOfPage\":{\"@id\":\"https:\/\/spanishprofessionals.es\/es\/2017\/08\/empleo-de-ingeniero-mecanico-extranjero\/#primaryimage\"},\"datePublished\":\"2017-08-09T13:32:20+00:00\",\"dateModified\":\"2019-07-26T09:52:57+00:00\",\"author\":{\"@id\":\"https:\/\/spanishprofessionals.es\/#\/schema\/person\/2fca0b7e8c84265ee754c88ea3ff0021\"},\"description\":\"\\u00a1Estamos entrevistando y reclutando ingenieros en Alicante! Ser seleccionado para una entrevista directamente con las principales empresas mundiales.\",\"breadcrumb\":{\"@id\":\"https:\/\/spanishprofessionals.es\/es\/2017\/08\/empleo-de-ingeniero-mecanico-extranjero\/#breadcrumb\"},\"inLanguage\":\"es\",\"potentialAction\":[{\"@type\":\"ReadAction\",\"target\":[\"https:\/\/spanishprofessionals.es\/es\/2017\/08\/empleo-de-ingeniero-mecanico-extranjero\/\"]}]},{\"@type\":\"BreadcrumbList\",\"@id\":\"https:\/\/spanishprofessionals.es\/es\/2017\/08\/empleo-de-ingeniero-mecanico-extranjero\/#breadcrumb\",\"itemListElement\":[{\"@type\":\"ListItem\",\"position\":1,\"name\":\"Home\",\"item\":\"https:\/\/spanishprofessionals.es\/es\/\"},{\"@type\":\"ListItem\",\"position\":2,\"name\":\"Jornadas Internacionales de Reclutamiento de Ingenieros en Alicante &#8211; 21 y 22 de septiembre de 2017\"}]},{\"@type\":\"Person\",\"@id\":\"https:\/\/spanishprofessionals.es\/#\/schema\/person\/2fca0b7e8c84265ee754c88ea3ff0021\",\"name\":\"Jasper\",\"image\":{\"@type\":\"ImageObject\",\"@id\":\"https:\/\/spanishprofessionals.es\/#personlogo\",\"inLanguage\":\"es\",\"url\":\"https:\/\/secure.gravatar.com\/avatar\/ebe6e98537ba5435a3403674f24c23b9?s=96&d=mm&r=g\",\"contentUrl\":\"https:\/\/secure.gravatar.com\/avatar\/ebe6e98537ba5435a3403674f24c23b9?s=96&d=mm&r=g\",\"caption\":\"Jasper\"},\"url\":\"https:\/\/spanishprofessionals.es\/es\/author\/jasper\/\"}]}<\/script>\n<!-- \/ Yoast SEO plugin. -->","yoast_head_json":{"title":"Jornadas de reclutamiento de ingenieros - Spanish Professionals","description":"\u00a1Estamos entrevistando y reclutando ingenieros en Alicante! Ser seleccionado para una entrevista directamente con las principales empresas mundiales.","robots":{"index":"index","follow":"follow","max-snippet":"max-snippet:-1","max-image-preview":"max-image-preview:large","max-video-preview":"max-video-preview:-1"},"canonical":"https:\/\/spanishprofessionals.es\/es\/2017\/08\/empleo-de-ingeniero-mecanico-extranjero\/","og_locale":"es_ES","og_type":"article","og_title":"Jornadas de reclutamiento de ingenieros - Spanish Professionals","og_description":"\u00a1Estamos entrevistando y reclutando ingenieros en Alicante! Ser seleccionado para una entrevista directamente con las principales empresas mundiales.","og_url":"https:\/\/spanishprofessionals.es\/es\/2017\/08\/empleo-de-ingeniero-mecanico-extranjero\/","og_site_name":"Spanish Professionals","article_published_time":"2017-08-09T13:32:20+00:00","article_modified_time":"2019-07-26T09:52:57+00:00","og_image":[{"width":"1140","height":"450","url":"https:\/\/spanishprofessionals.es\/wp-content\/uploads\/2017\/08\/sp_blog_event.jpg","path":"\/var\/www\/vhosts\/server5c9cd64b63648.vservers.es\/spanishprofessionals.es\/wp-content\/uploads\/2017\/08\/sp_blog_event.jpg","size":"full","id":16824,"alt":"empleo de ingeniero mecanico extranjero","pixels":513000,"type":"image\/jpeg"}],"twitter_card":"summary","twitter_misc":{"Escrito por":"Jasper","Tiempo de lectura":"2 minutos"},"schema":{"@context":"https:\/\/schema.org","@graph":[{"@type":"WebSite","@id":"https:\/\/spanishprofessionals.es\/#website","url":"https:\/\/spanishprofessionals.es\/","name":"Spanish Professionals","description":"","potentialAction":[{"@type":"SearchAction","target":{"@type":"EntryPoint","urlTemplate":"https:\/\/spanishprofessionals.es\/?s={search_term_string}"},"query-input":"required name=search_term_string"}],"inLanguage":"es"},{"@type":"ImageObject","@id":"https:\/\/spanishprofessionals.es\/es\/2017\/08\/empleo-de-ingeniero-mecanico-extranjero\/#primaryimage","inLanguage":"es","url":"https:\/\/spanishprofessionals.es\/wp-content\/uploads\/2017\/08\/sp_blog_event.jpg","contentUrl":"https:\/\/spanishprofessionals.es\/wp-content\/uploads\/2017\/08\/sp_blog_event.jpg","width":"1140","height":"450","caption":"empleo de ingeniero mecanico extranjero"},{"@type":"WebPage","@id":"https:\/\/spanishprofessionals.es\/es\/2017\/08\/empleo-de-ingeniero-mecanico-extranjero\/#webpage","url":"https:\/\/spanishprofessionals.es\/es\/2017\/08\/empleo-de-ingeniero-mecanico-extranjero\/","name":"Jornadas de reclutamiento de ingenieros - Spanish Professionals","isPartOf":{"@id":"https:\/\/spanishprofessionals.es\/#website"},"primaryImageOfPage":{"@id":"https:\/\/spanishprofessionals.es\/es\/2017\/08\/empleo-de-ingeniero-mecanico-extranjero\/#primaryimage"},"datePublished":"2017-08-09T13:32:20+00:00","dateModified":"2019-07-26T09:52:57+00:00","author":{"@id":"https:\/\/spanishprofessionals.es\/#\/schema\/person\/2fca0b7e8c84265ee754c88ea3ff0021"},"description":"\u00a1Estamos entrevistando y reclutando ingenieros en Alicante! Ser seleccionado para una entrevista directamente con las principales empresas mundiales.","breadcrumb":{"@id":"https:\/\/spanishprofessionals.es\/es\/2017\/08\/empleo-de-ingeniero-mecanico-extranjero\/#breadcrumb"},"inLanguage":"es","potentialAction":[{"@type":"ReadAction","target":["https:\/\/spanishprofessionals.es\/es\/2017\/08\/empleo-de-ingeniero-mecanico-extranjero\/"]}]},{"@type":"BreadcrumbList","@id":"https:\/\/spanishprofessionals.es\/es\/2017\/08\/empleo-de-ingeniero-mecanico-extranjero\/#breadcrumb","itemListElement":[{"@type":"ListItem","position":1,"name":"Home","item":"https:\/\/spanishprofessionals.es\/es\/"},{"@type":"ListItem","position":2,"name":"Jornadas Internacionales de Reclutamiento de Ingenieros en Alicante &#8211; 21 y 22 de septiembre de 2017"}]},{"@type":"Person","@id":"https:\/\/spanishprofessionals.es\/#\/schema\/person\/2fca0b7e8c84265ee754c88ea3ff0021","name":"Jasper","image":{"@type":"ImageObject","@id":"https:\/\/spanishprofessionals.es\/#personlogo","inLanguage":"es","url":"https:\/\/secure.gravatar.com\/avatar\/ebe6e98537ba5435a3403674f24c23b9?s=96&d=mm&r=g","contentUrl":"https:\/\/secure.gravatar.com\/avatar\/ebe6e98537ba5435a3403674f24c23b9?s=96&d=mm&r=g","caption":"Jasper"},"url":"https:\/\/spanishprofessionals.es\/es\/author\/jasper\/"}]}},"_links":{"self":[{"href":"https:\/\/spanishprofessionals.es\/es\/wp-json\/wp\/v2\/posts\/16820"}],"collection":[{"href":"https:\/\/spanishprofessionals.es\/es\/wp-json\/wp\/v2\/posts"}],"about":[{"href":"https:\/\/spanishprofessionals.es\/es\/wp-json\/wp\/v2\/types\/post"}],"author":[{"embeddable":true,"href":"https:\/\/spanishprofessionals.es\/es\/wp-json\/wp\/v2\/users\/2"}],"replies":[{"embeddable":true,"href":"https:\/\/spanishprofessionals.es\/es\/wp-json\/wp\/v2\/comments?post=16820"}],"version-history":[{"count":4,"href":"https:\/\/spanishprofessionals.es\/es\/wp-json\/wp\/v2\/posts\/16820\/revisions"}],"predecessor-version":[{"id":17122,"href":"https:\/\/spanishprofessionals.es\/es\/wp-json\/wp\/v2\/posts\/16820\/revisions\/17122"}],"wp:featuredmedia":[{"embeddable":true,"href":"https:\/\/spanishprofessionals.es\/es\/wp-json\/wp\/v2\/media\/16824"}],"wp:attachment":[{"href":"https:\/\/spanishprofessionals.es\/es\/wp-json\/wp\/v2\/media?parent=16820"}],"wp:term":[{"taxonomy":"category","embeddable":true,"href":"https:\/\/spanishprofessionals.es\/es\/wp-json\/wp\/v2\/categories?post=16820"},{"taxonomy":"post_tag","embeddable":true,"href":"https:\/\/spanishprofessionals.es\/es\/wp-json\/wp\/v2\/tags?post=16820"}],"curies":[{"name":"wp","href":"https:\/\/api.w.org\/{rel}","templated":true}]}}